{"id":35,"count":5,"description":"<h2><span style=\"color: #0000ff;\">Voici les d\u00e9clarations faites par<\/span> <span style=\"color: #ff0000;\"><em><strong>FORCE OUVRIERE<\/strong><\/em><\/span> <span style=\"color: #0000ff;\">durant les r\u00e9unions de CSE r\u00e9gionaux ou du CSE central.<\/span><\/h2>","link":"https:\/\/fo-conforama.fr\/index.php\/category\/declarations-fo\/","name":"d\u00e9clarations FO","slug":"declarations-fo","taxonomy":"category","parent":0,"meta":[],"yoast_head":"<!-- This site is optimized with the Yoast SEO plugin v22.2 - https:\/\/yoast.com\/wordpress\/plugins\/seo\/ -->\n<title>D\u00e9clarations FORCE OUVRIERE en CSE\/CSEC | FO Conforama<\/title>\n<meta name=\"description\" content=\"D\u00e9clarations faites par les repr\u00e9sentants de FORCE OUVRIERE durant des r\u00e9unions de CSE r\u00e9gionaux ou du CSE central de Conforama.\" \/>\n<meta name=\"robots\" content=\"index, follow, max-snippet:-1, max-image-preview:large, max-video-preview:-1\" \/>\n<link rel=\"canonical\" href=\"https:\/\/fo-conforama.fr\/index.php\/category\/declarations-fo\/\" \/>\n<meta property=\"og:locale\" content=\"fr_FR\" \/>\n<meta property=\"og:type\" content=\"article\" \/>\n<meta property=\"og:title\" content=\"D\u00e9clarations FORCE OUVRIERE en CSE\/CSEC | FO Conforama\" \/>\n<meta property=\"og:description\" content=\"D\u00e9clarations faites par les repr\u00e9sentants de FORCE OUVRIERE durant des r\u00e9unions de CSE r\u00e9gionaux ou du CSE central de Conforama.\" \/>\n<meta property=\"og:url\" content=\"https:\/\/fo-conforama.fr\/index.php\/category\/declarations-fo\/\" \/>\n<meta property=\"og:site_name\" content=\"FO Conforama\" \/>\n<meta name=\"twitter:card\" content=\"summary_large_image\" \/>\n<script type=\"application\/ld+json\" class=\"yoast-schema-graph\">{\"@context\":\"https:\/\/schema.org\",\"@graph\":[{\"@type\":\"CollectionPage\",\"@id\":\"https:\/\/fo-conforama.fr\/index.php\/category\/declarations-fo\/\",\"url\":\"https:\/\/fo-conforama.fr\/index.php\/category\/declarations-fo\/\",\"name\":\"D\u00e9clarations FORCE OUVRIERE en CSE\/CSEC | FO Conforama\",\"isPartOf\":{\"@id\":\"https:\/\/fo-conforama.fr\/#website\"},\"description\":\"D\u00e9clarations faites par les repr\u00e9sentants de FORCE OUVRIERE durant des r\u00e9unions de CSE r\u00e9gionaux ou du CSE central de Conforama.\",\"breadcrumb\":{\"@id\":\"https:\/\/fo-conforama.fr\/index.php\/category\/declarations-fo\/#breadcrumb\"},\"inLanguage\":\"fr-FR\"},{\"@type\":\"BreadcrumbList\",\"@id\":\"https:\/\/fo-conforama.fr\/index.php\/category\/declarations-fo\/#breadcrumb\",\"itemListElement\":[{\"@type\":\"ListItem\",\"position\":1,\"name\":\"Home\",\"item\":\"https:\/\/fo-conforama.fr\/\"},{\"@type\":\"ListItem\",\"position\":2,\"name\":\"d\u00e9clarations FO\"}]},{\"@type\":\"WebSite\",\"@id\":\"https:\/\/fo-conforama.fr\/#website\",\"url\":\"https:\/\/fo-conforama.fr\/\",\"name\":\"FO Conforama\",\"description\":\"Bienvenue sur le site de Force Ouvri\u00e8re Conforama\",\"publisher\":{\"@id\":\"https:\/\/fo-conforama.fr\/#organization\"},\"potentialAction\":[{\"@type\":\"SearchAction\",\"target\":{\"@type\":\"EntryPoint\",\"urlTemplate\":\"https:\/\/fo-conforama.fr\/?s={search_term_string}\"},\"query-input\":\"required name=search_term_string\"}],\"inLanguage\":\"fr-FR\"},{\"@type\":\"Organization\",\"@id\":\"https:\/\/fo-conforama.fr\/#organization\",\"name\":\"SECTION FO CONFORAMA\",\"url\":\"https:\/\/fo-conforama.fr\/\",\"logo\":{\"@type\":\"ImageObject\",\"inLanguage\":\"fr-FR\",\"@id\":\"https:\/\/fo-conforama.fr\/#\/schema\/logo\/image\/\",\"url\":\"https:\/\/fo-conforama.fr\/wp-content\/uploads\/2019\/06\/logo-force-ouvriere-conforama-e1561365263970.jpg\",\"contentUrl\":\"https:\/\/fo-conforama.fr\/wp-content\/uploads\/2019\/06\/logo-force-ouvriere-conforama-e1561365263970.jpg\",\"width\":150,\"height\":116,\"caption\":\"SECTION FO CONFORAMA\"},\"image\":{\"@id\":\"https:\/\/fo-conforama.fr\/#\/schema\/logo\/image\/\"},\"sameAs\":[\"https:\/\/www.facebook.com\/foconforama\/\"]}]}<\/script>\n<!-- \/ Yoast SEO plugin. -->","yoast_head_json":{"title":"D\u00e9clarations FORCE OUVRIERE en CSE\/CSEC | FO Conforama","description":"D\u00e9clarations faites par les repr\u00e9sentants de FORCE OUVRIERE durant des r\u00e9unions de CSE r\u00e9gionaux ou du CSE central de Conforama.","robots":{"index":"index","follow":"follow","max-snippet":"max-snippet:-1","max-image-preview":"max-image-preview:large","max-video-preview":"max-video-preview:-1"},"canonical":"https:\/\/fo-conforama.fr\/index.php\/category\/declarations-fo\/","og_locale":"fr_FR","og_type":"article","og_title":"D\u00e9clarations FORCE OUVRIERE en CSE\/CSEC | FO Conforama","og_description":"D\u00e9clarations faites par les repr\u00e9sentants de FORCE OUVRIERE durant des r\u00e9unions de CSE r\u00e9gionaux ou du CSE central de Conforama.","og_url":"https:\/\/fo-conforama.fr\/index.php\/category\/declarations-fo\/","og_site_name":"FO Conforama","twitter_card":"summary_large_image","schema":{"@context":"https:\/\/schema.org","@graph":[{"@type":"CollectionPage","@id":"https:\/\/fo-conforama.fr\/index.php\/category\/declarations-fo\/","url":"https:\/\/fo-conforama.fr\/index.php\/category\/declarations-fo\/","name":"D\u00e9clarations FORCE OUVRIERE en CSE\/CSEC | FO Conforama","isPartOf":{"@id":"https:\/\/fo-conforama.fr\/#website"},"description":"D\u00e9clarations faites par les repr\u00e9sentants de FORCE OUVRIERE durant des r\u00e9unions de CSE r\u00e9gionaux ou du CSE central de Conforama.","breadcrumb":{"@id":"https:\/\/fo-conforama.fr\/index.php\/category\/declarations-fo\/#breadcrumb"},"inLanguage":"fr-FR"},{"@type":"BreadcrumbList","@id":"https:\/\/fo-conforama.fr\/index.php\/category\/declarations-fo\/#breadcrumb","itemListElement":[{"@type":"ListItem","position":1,"name":"Home","item":"https:\/\/fo-conforama.fr\/"},{"@type":"ListItem","position":2,"name":"d\u00e9clarations FO"}]},{"@type":"WebSite","@id":"https:\/\/fo-conforama.fr\/#website","url":"https:\/\/fo-conforama.fr\/","name":"FO Conforama","description":"Bienvenue sur le site de Force Ouvri\u00e8re Conforama","publisher":{"@id":"https:\/\/fo-conforama.fr\/#organization"},"potentialAction":[{"@type":"SearchAction","target":{"@type":"EntryPoint","urlTemplate":"https:\/\/fo-conforama.fr\/?s={search_term_string}"},"query-input":"required name=search_term_string"}],"inLanguage":"fr-FR"},{"@type":"Organization","@id":"https:\/\/fo-conforama.fr\/#organization","name":"SECTION FO CONFORAMA","url":"https:\/\/fo-conforama.fr\/","logo":{"@type":"ImageObject","inLanguage":"fr-FR","@id":"https:\/\/fo-conforama.fr\/#\/schema\/logo\/image\/","url":"https:\/\/fo-conforama.fr\/wp-content\/uploads\/2019\/06\/logo-force-ouvriere-conforama-e1561365263970.jpg","contentUrl":"https:\/\/fo-conforama.fr\/wp-content\/uploads\/2019\/06\/logo-force-ouvriere-conforama-e1561365263970.jpg","width":150,"height":116,"caption":"SECTION FO CONFORAMA"},"image":{"@id":"https:\/\/fo-conforama.fr\/#\/schema\/logo\/image\/"},"sameAs":["https:\/\/www.facebook.com\/foconforama\/"]}]}},"_links":{"self":[{"href":"https:\/\/fo-conforama.fr\/index.php\/wp-json\/wp\/v2\/categories\/35"}],"collection":[{"href":"https:\/\/fo-conforama.fr\/index.php\/wp-json\/wp\/v2\/categories"}],"about":[{"href":"https:\/\/fo-conforama.fr\/index.php\/wp-json\/wp\/v2\/taxonomies\/category"}],"wp:post_type":[{"href":"https:\/\/fo-conforama.fr\/index.php\/wp-json\/wp\/v2\/posts?categories=35"}],"curies":[{"name":"wp","href":"https:\/\/api.w.org\/{rel}","templated":true}]}}