{"id":2665,"date":"2023-09-19T09:30:34","date_gmt":"2023-09-19T07:30:34","guid":{"rendered":"https:\/\/fo-conforama.fr\/?p=2665"},"modified":"2023-09-19T09:30:36","modified_gmt":"2023-09-19T07:30:36","slug":"force-ouvriere-defend-tous-les-salaries-2","status":"publish","type":"post","link":"https:\/\/fo-conforama.fr\/index.php\/force-ouvriere-defend-tous-les-salaries-2\/","title":{"rendered":"Force Ouvri\u00e8re d\u00e9fend tous les salari\u00e9s !!!"},"content":{"rendered":"<a href=\"https:\/\/fo-conforama.fr\/wp-content\/uploads\/2023\/09\/L\u2019unique-mission-de-FORCE-OUVRIERE-d\u00e9fendre-TOUS-les-salari\u00e9s-Compressed.pdf\" class=\"pdfemb-viewer\" style=\"\" data-width=\"max\" data-height=\"max\" data-toolbar=\"both\" data-toolbar-fixed=\"off\">L\u2019unique-mission-de-FORCE-OUVRIERE-d\u00e9fendre-TOUS-les-salari\u00e9s-Compressed<\/a>\n<p class=\"wp-block-pdfemb-pdf-embedder-viewer\"><\/p>\n","protected":false},"excerpt":{"rendered":"<div class=\"mh-excerpt\"><\/div>","protected":false},"author":1,"featured_media":0,"comment_status":"closed","ping_status":"open","sticky":false,"template":"","format":"standard","meta":{"footnotes":""},"categories":[11],"tags":[],"yoast_head":"<!-- This site is optimized with the Yoast SEO plugin v22.2 - https:\/\/yoast.com\/wordpress\/plugins\/seo\/ -->\n<title>Force Ouvri\u00e8re d\u00e9fend tous les salari\u00e9s !!! | FO Conforama<\/title>\n<meta name=\"robots\" content=\"index, follow, max-snippet:-1, max-image-preview:large, max-video-preview:-1\" \/>\n<link rel=\"canonical\" href=\"https:\/\/fo-conforama.fr\/index.php\/force-ouvriere-defend-tous-les-salaries-2\/\" \/>\n<meta property=\"og:locale\" content=\"fr_FR\" \/>\n<meta property=\"og:type\" content=\"article\" \/>\n<meta property=\"og:title\" content=\"Force Ouvri\u00e8re d\u00e9fend tous les salari\u00e9s !!! | FO Conforama\" \/>\n<meta property=\"og:url\" content=\"https:\/\/fo-conforama.fr\/index.php\/force-ouvriere-defend-tous-les-salaries-2\/\" \/>\n<meta property=\"og:site_name\" content=\"FO Conforama\" \/>\n<meta property=\"article:publisher\" content=\"https:\/\/www.facebook.com\/foconforama\/\" \/>\n<meta property=\"article:published_time\" content=\"2023-09-19T07:30:34+00:00\" \/>\n<meta property=\"article:modified_time\" content=\"2023-09-19T07:30:36+00:00\" \/>\n<meta name=\"author\" content=\"admin1663\" \/>\n<meta name=\"twitter:card\" content=\"summary_large_image\" \/>\n<meta name=\"twitter:label1\" content=\"\u00c9crit par\" \/>\n\t<meta name=\"twitter:data1\" content=\"admin1663\" \/>\n<script type=\"application\/ld+json\" class=\"yoast-schema-graph\">{\"@context\":\"https:\/\/schema.org\",\"@graph\":[{\"@type\":\"Article\",\"@id\":\"https:\/\/fo-conforama.fr\/index.php\/force-ouvriere-defend-tous-les-salaries-2\/#article\",\"isPartOf\":{\"@id\":\"https:\/\/fo-conforama.fr\/index.php\/force-ouvriere-defend-tous-les-salaries-2\/\"},\"author\":{\"name\":\"admin1663\",\"@id\":\"https:\/\/fo-conforama.fr\/#\/schema\/person\/1dc3e46f49fef28d88636d76dbdece9f\"},\"headline\":\"Force Ouvri\u00e8re d\u00e9fend tous les salari\u00e9s !!!\",\"datePublished\":\"2023-09-19T07:30:34+00:00\",\"dateModified\":\"2023-09-19T07:30:36+00:00\",\"mainEntityOfPage\":{\"@id\":\"https:\/\/fo-conforama.fr\/index.php\/force-ouvriere-defend-tous-les-salaries-2\/\"},\"wordCount\":9,\"publisher\":{\"@id\":\"https:\/\/fo-conforama.fr\/#organization\"},\"articleSection\":[\"Tracts et communiqu\u00e9s internes\"],\"inLanguage\":\"fr-FR\"},{\"@type\":\"WebPage\",\"@id\":\"https:\/\/fo-conforama.fr\/index.php\/force-ouvriere-defend-tous-les-salaries-2\/\",\"url\":\"https:\/\/fo-conforama.fr\/index.php\/force-ouvriere-defend-tous-les-salaries-2\/\",\"name\":\"Force Ouvri\u00e8re d\u00e9fend tous les salari\u00e9s !!! | FO Conforama\",\"isPartOf\":{\"@id\":\"https:\/\/fo-conforama.fr\/#website\"},\"datePublished\":\"2023-09-19T07:30:34+00:00\",\"dateModified\":\"2023-09-19T07:30:36+00:00\",\"breadcrumb\":{\"@id\":\"https:\/\/fo-conforama.fr\/index.php\/force-ouvriere-defend-tous-les-salaries-2\/#breadcrumb\"},\"inLanguage\":\"fr-FR\",\"potentialAction\":[{\"@type\":\"ReadAction\",\"target\":[\"https:\/\/fo-conforama.fr\/index.php\/force-ouvriere-defend-tous-les-salaries-2\/\"]}]},{\"@type\":\"BreadcrumbList\",\"@id\":\"https:\/\/fo-conforama.fr\/index.php\/force-ouvriere-defend-tous-les-salaries-2\/#breadcrumb\",\"itemListElement\":[{\"@type\":\"ListItem\",\"position\":1,\"name\":\"Home\",\"item\":\"https:\/\/fo-conforama.fr\/\"},{\"@type\":\"ListItem\",\"position\":2,\"name\":\"Force Ouvri\u00e8re d\u00e9fend tous les salari\u00e9s !!!\"}]},{\"@type\":\"WebSite\",\"@id\":\"https:\/\/fo-conforama.fr\/#website\",\"url\":\"https:\/\/fo-conforama.fr\/\",\"name\":\"FO Conforama\",\"description\":\"Bienvenue sur le site de Force Ouvri\u00e8re Conforama\",\"publisher\":{\"@id\":\"https:\/\/fo-conforama.fr\/#organization\"},\"potentialAction\":[{\"@type\":\"SearchAction\",\"target\":{\"@type\":\"EntryPoint\",\"urlTemplate\":\"https:\/\/fo-conforama.fr\/?s={search_term_string}\"},\"query-input\":\"required name=search_term_string\"}],\"inLanguage\":\"fr-FR\"},{\"@type\":\"Organization\",\"@id\":\"https:\/\/fo-conforama.fr\/#organization\",\"name\":\"SECTION FO CONFORAMA\",\"url\":\"https:\/\/fo-conforama.fr\/\",\"logo\":{\"@type\":\"ImageObject\",\"inLanguage\":\"fr-FR\",\"@id\":\"https:\/\/fo-conforama.fr\/#\/schema\/logo\/image\/\",\"url\":\"https:\/\/fo-conforama.fr\/wp-content\/uploads\/2019\/06\/logo-force-ouvriere-conforama-e1561365263970.jpg\",\"contentUrl\":\"https:\/\/fo-conforama.fr\/wp-content\/uploads\/2019\/06\/logo-force-ouvriere-conforama-e1561365263970.jpg\",\"width\":150,\"height\":116,\"caption\":\"SECTION FO CONFORAMA\"},\"image\":{\"@id\":\"https:\/\/fo-conforama.fr\/#\/schema\/logo\/image\/\"},\"sameAs\":[\"https:\/\/www.facebook.com\/foconforama\/\"]},{\"@type\":\"Person\",\"@id\":\"https:\/\/fo-conforama.fr\/#\/schema\/person\/1dc3e46f49fef28d88636d76dbdece9f\",\"name\":\"admin1663\",\"image\":{\"@type\":\"ImageObject\",\"inLanguage\":\"fr-FR\",\"@id\":\"https:\/\/fo-conforama.fr\/#\/schema\/person\/image\/\",\"url\":\"https:\/\/secure.gravatar.com\/avatar\/e1816f166871789260cc638069247b9c?s=96&d=mm&r=g\",\"contentUrl\":\"https:\/\/secure.gravatar.com\/avatar\/e1816f166871789260cc638069247b9c?s=96&d=mm&r=g\",\"caption\":\"admin1663\"}}]}<\/script>\n<!-- \/ Yoast SEO plugin. -->","yoast_head_json":{"title":"Force Ouvri\u00e8re d\u00e9fend tous les salari\u00e9s !!! | FO Conforama","robots":{"index":"index","follow":"follow","max-snippet":"max-snippet:-1","max-image-preview":"max-image-preview:large","max-video-preview":"max-video-preview:-1"},"canonical":"https:\/\/fo-conforama.fr\/index.php\/force-ouvriere-defend-tous-les-salaries-2\/","og_locale":"fr_FR","og_type":"article","og_title":"Force Ouvri\u00e8re d\u00e9fend tous les salari\u00e9s !!! | FO Conforama","og_url":"https:\/\/fo-conforama.fr\/index.php\/force-ouvriere-defend-tous-les-salaries-2\/","og_site_name":"FO Conforama","article_publisher":"https:\/\/www.facebook.com\/foconforama\/","article_published_time":"2023-09-19T07:30:34+00:00","article_modified_time":"2023-09-19T07:30:36+00:00","author":"admin1663","twitter_card":"summary_large_image","twitter_misc":{"\u00c9crit par":"admin1663"},"schema":{"@context":"https:\/\/schema.org","@graph":[{"@type":"Article","@id":"https:\/\/fo-conforama.fr\/index.php\/force-ouvriere-defend-tous-les-salaries-2\/#article","isPartOf":{"@id":"https:\/\/fo-conforama.fr\/index.php\/force-ouvriere-defend-tous-les-salaries-2\/"},"author":{"name":"admin1663","@id":"https:\/\/fo-conforama.fr\/#\/schema\/person\/1dc3e46f49fef28d88636d76dbdece9f"},"headline":"Force Ouvri\u00e8re d\u00e9fend tous les salari\u00e9s !!!","datePublished":"2023-09-19T07:30:34+00:00","dateModified":"2023-09-19T07:30:36+00:00","mainEntityOfPage":{"@id":"https:\/\/fo-conforama.fr\/index.php\/force-ouvriere-defend-tous-les-salaries-2\/"},"wordCount":9,"publisher":{"@id":"https:\/\/fo-conforama.fr\/#organization"},"articleSection":["Tracts et communiqu\u00e9s internes"],"inLanguage":"fr-FR"},{"@type":"WebPage","@id":"https:\/\/fo-conforama.fr\/index.php\/force-ouvriere-defend-tous-les-salaries-2\/","url":"https:\/\/fo-conforama.fr\/index.php\/force-ouvriere-defend-tous-les-salaries-2\/","name":"Force Ouvri\u00e8re d\u00e9fend tous les salari\u00e9s !!! | FO Conforama","isPartOf":{"@id":"https:\/\/fo-conforama.fr\/#website"},"datePublished":"2023-09-19T07:30:34+00:00","dateModified":"2023-09-19T07:30:36+00:00","breadcrumb":{"@id":"https:\/\/fo-conforama.fr\/index.php\/force-ouvriere-defend-tous-les-salaries-2\/#breadcrumb"},"inLanguage":"fr-FR","potentialAction":[{"@type":"ReadAction","target":["https:\/\/fo-conforama.fr\/index.php\/force-ouvriere-defend-tous-les-salaries-2\/"]}]},{"@type":"BreadcrumbList","@id":"https:\/\/fo-conforama.fr\/index.php\/force-ouvriere-defend-tous-les-salaries-2\/#breadcrumb","itemListElement":[{"@type":"ListItem","position":1,"name":"Home","item":"https:\/\/fo-conforama.fr\/"},{"@type":"ListItem","position":2,"name":"Force Ouvri\u00e8re d\u00e9fend tous les salari\u00e9s !!!"}]},{"@type":"WebSite","@id":"https:\/\/fo-conforama.fr\/#website","url":"https:\/\/fo-conforama.fr\/","name":"FO Conforama","description":"Bienvenue sur le site de Force Ouvri\u00e8re Conforama","publisher":{"@id":"https:\/\/fo-conforama.fr\/#organization"},"potentialAction":[{"@type":"SearchAction","target":{"@type":"EntryPoint","urlTemplate":"https:\/\/fo-conforama.fr\/?s={search_term_string}"},"query-input":"required name=search_term_string"}],"inLanguage":"fr-FR"},{"@type":"Organization","@id":"https:\/\/fo-conforama.fr\/#organization","name":"SECTION FO CONFORAMA","url":"https:\/\/fo-conforama.fr\/","logo":{"@type":"ImageObject","inLanguage":"fr-FR","@id":"https:\/\/fo-conforama.fr\/#\/schema\/logo\/image\/","url":"https:\/\/fo-conforama.fr\/wp-content\/uploads\/2019\/06\/logo-force-ouvriere-conforama-e1561365263970.jpg","contentUrl":"https:\/\/fo-conforama.fr\/wp-content\/uploads\/2019\/06\/logo-force-ouvriere-conforama-e1561365263970.jpg","width":150,"height":116,"caption":"SECTION FO CONFORAMA"},"image":{"@id":"https:\/\/fo-conforama.fr\/#\/schema\/logo\/image\/"},"sameAs":["https:\/\/www.facebook.com\/foconforama\/"]},{"@type":"Person","@id":"https:\/\/fo-conforama.fr\/#\/schema\/person\/1dc3e46f49fef28d88636d76dbdece9f","name":"admin1663","image":{"@type":"ImageObject","inLanguage":"fr-FR","@id":"https:\/\/fo-conforama.fr\/#\/schema\/person\/image\/","url":"https:\/\/secure.gravatar.com\/avatar\/e1816f166871789260cc638069247b9c?s=96&d=mm&r=g","contentUrl":"https:\/\/secure.gravatar.com\/avatar\/e1816f166871789260cc638069247b9c?s=96&d=mm&r=g","caption":"admin1663"}}]}},"_links":{"self":[{"href":"https:\/\/fo-conforama.fr\/index.php\/wp-json\/wp\/v2\/posts\/2665"}],"collection":[{"href":"https:\/\/fo-conforama.fr\/index.php\/wp-json\/wp\/v2\/posts"}],"about":[{"href":"https:\/\/fo-conforama.fr\/index.php\/wp-json\/wp\/v2\/types\/post"}],"author":[{"embeddable":true,"href":"https:\/\/fo-conforama.fr\/index.php\/wp-json\/wp\/v2\/users\/1"}],"replies":[{"embeddable":true,"href":"https:\/\/fo-conforama.fr\/index.php\/wp-json\/wp\/v2\/comments?post=2665"}],"version-history":[{"count":1,"href":"https:\/\/fo-conforama.fr\/index.php\/wp-json\/wp\/v2\/posts\/2665\/revisions"}],"predecessor-version":[{"id":2667,"href":"https:\/\/fo-conforama.fr\/index.php\/wp-json\/wp\/v2\/posts\/2665\/revisions\/2667"}],"wp:attachment":[{"href":"https:\/\/fo-conforama.fr\/index.php\/wp-json\/wp\/v2\/media?parent=2665"}],"wp:term":[{"taxonomy":"category","embeddable":true,"href":"https:\/\/fo-conforama.fr\/index.php\/wp-json\/wp\/v2\/categories?post=2665"},{"taxonomy":"post_tag","embeddable":true,"href":"https:\/\/fo-conforama.fr\/index.php\/wp-json\/wp\/v2\/tags?post=2665"}],"curies":[{"name":"wp","href":"https:\/\/api.w.org\/{rel}","templated":true}]}}