{"id":3177,"date":"2024-03-19T17:48:59","date_gmt":"2024-03-19T16:48:59","guid":{"rendered":"https:\/\/fo-conforama.fr\/?p=3177"},"modified":"2024-05-15T17:17:19","modified_gmt":"2024-05-15T15:17:19","slug":"calculez-le-montant-de-vos-indemnites-de-licenciement","status":"publish","type":"post","link":"https:\/\/fo-conforama.fr\/index.php\/calculez-le-montant-de-vos-indemnites-de-licenciement\/","title":{"rendered":"Calculez le montant de vos indemnit\u00e9s de licenciement&#8230;"},"content":{"rendered":"\t\t<div data-elementor-type=\"wp-post\" data-elementor-id=\"3177\" class=\"elementor elementor-3177\">\n\t\t\t\t\t\t<section class=\"elementor-section elementor-top-section elementor-element elementor-element-616044a7 elementor-section-boxed elementor-section-height-default elementor-section-height-default\" data-id=\"616044a7\" data-element_type=\"section\">\n\t\t\t\t\t\t<div class=\"elementor-container elementor-column-gap-default\">\n\t\t\t\t\t<div class=\"elementor-column elementor-col-100 elementor-top-column elementor-element elementor-element-3ac493d4\" data-id=\"3ac493d4\" data-element_type=\"column\">\n\t\t\t<div class=\"elementor-widget-wrap elementor-element-populated\">\n\t\t\t\t\t\t<div class=\"elementor-element elementor-element-2c27ecbb elementor-widget elementor-widget-text-editor\" data-id=\"2c27ecbb\" data-element_type=\"widget\" data-widget_type=\"text-editor.default\">\n\t\t\t\t<div class=\"elementor-widget-container\">\n\t\t\t\t\t\t\t<p>Salari\u00e9s de la logistique, utilisez la feuille de calcul ci-jointe pour estimer le montant de votre prime de licenciement&#8230;<\/p><p>Il vous suffit de cliquer sur le lien ci-dessous, d&#8217;appuyer ensuite sur le bouton &#8220;T\u00e9l\u00e9charger le fichier&#8221;, de choisir un emplacement sur votre disque dur o\u00f9 stocker le fichier, puis d&#8217;ouvrir celui-ci et enfin, de saisir les donn\u00e9es qui vont permettre les calculs.<\/p><p>En cas de besoin, contactez votre D\u00e9l\u00e9gu\u00e9 Syndical <span style=\"color: #ff0000;\"><em><strong>FO<\/strong><\/em><\/span> Salim ou votre D\u00e9l\u00e9gu\u00e9 Syndical Central <em><strong><span style=\"color: #ff0000;\">FO<\/span> <\/strong><\/em>Jacques (contact@fo-conforama.fr).<\/p>\t\t\t\t\t\t<\/div>\n\t\t\t\t<\/div>\n\t\t\t\t\t<\/div>\n\t\t<\/div>\n\t\t\t\t\t<\/div>\n\t\t<\/section>\n\t\t\t\t<section class=\"elementor-section elementor-top-section elementor-element elementor-element-71f627e elementor-section-boxed elementor-section-height-default elementor-section-height-default\" data-id=\"71f627e\" data-element_type=\"section\">\n\t\t\t\t\t\t<div class=\"elementor-container elementor-column-gap-default\">\n\t\t\t\t\t<div class=\"elementor-column elementor-col-100 elementor-top-column elementor-element elementor-element-2f16701\" data-id=\"2f16701\" data-element_type=\"column\">\n\t\t\t<div class=\"elementor-widget-wrap elementor-element-populated\">\n\t\t\t\t\t\t<div class=\"elementor-element elementor-element-fe3f44c elementor-align-center elementor-widget elementor-widget-button\" data-id=\"fe3f44c\" data-element_type=\"widget\" data-widget_type=\"button.default\">\n\t\t\t\t<div class=\"elementor-widget-container\">\n\t\t\t\t\t<div class=\"elementor-button-wrapper\">\n\t\t\t<a class=\"elementor-button elementor-button-link elementor-size-sm\" href=\"https:\/\/fo-conforama.fr\/wp-content\/uploads\/2024\/03\/Calcul-FO-individuel-des-indemnites-legales-et-supra-legales-PSE-2024-Logistique.xlsx\" target=\"_blank\">\n\t\t\t\t\t\t<span class=\"elementor-button-content-wrapper\">\n\t\t\t\t\t\t<span class=\"elementor-button-text\">T\u00e9l\u00e9chargez la feuille de calcul !<\/span>\n\t\t<\/span>\n\t\t\t\t\t<\/a>\n\t\t<\/div>\n\t\t\t\t<\/div>\n\t\t\t\t<\/div>\n\t\t\t\t\t<\/div>\n\t\t<\/div>\n\t\t\t\t\t<\/div>\n\t\t<\/section>\n\t\t\t\t<\/div>\n\t\t","protected":false},"excerpt":{"rendered":"<div class=\"mh-excerpt\"><p>Salari\u00e9s de la logistique, utilisez la feuille de calcul ci-jointe pour estimer le montant de votre prime de licenciement&#8230; Il vous suffit de cliquer sur <a class=\"mh-excerpt-more\" href=\"https:\/\/fo-conforama.fr\/index.php\/calculez-le-montant-de-vos-indemnites-de-licenciement\/\" title=\"Calculez le montant de vos indemnit\u00e9s de licenciement&#8230;\">[&#8230;]<\/a><\/p>\n<\/div>","protected":false},"author":1,"featured_media":0,"comment_status":"closed","ping_status":"open","sticky":false,"template":"","format":"standard","meta":{"footnotes":""},"categories":[4],"tags":[],"yoast_head":"<!-- This site is optimized with the Yoast SEO plugin v22.2 - https:\/\/yoast.com\/wordpress\/plugins\/seo\/ -->\n<title>Calculez le montant de vos indemnit\u00e9s de licenciement... | FO Conforama<\/title>\n<meta name=\"robots\" content=\"index, follow, max-snippet:-1, max-image-preview:large, max-video-preview:-1\" \/>\n<link rel=\"canonical\" href=\"https:\/\/fo-conforama.fr\/index.php\/calculez-le-montant-de-vos-indemnites-de-licenciement\/\" \/>\n<meta property=\"og:locale\" content=\"fr_FR\" \/>\n<meta property=\"og:type\" content=\"article\" \/>\n<meta property=\"og:title\" content=\"Calculez le montant de vos indemnit\u00e9s de licenciement... | FO Conforama\" \/>\n<meta property=\"og:description\" content=\"Salari\u00e9s de la logistique, utilisez la feuille de calcul ci-jointe pour estimer le montant de votre prime de licenciement&#8230; Il vous suffit de cliquer sur [...]\" \/>\n<meta property=\"og:url\" content=\"https:\/\/fo-conforama.fr\/index.php\/calculez-le-montant-de-vos-indemnites-de-licenciement\/\" \/>\n<meta property=\"og:site_name\" content=\"FO Conforama\" \/>\n<meta property=\"article:publisher\" content=\"https:\/\/www.facebook.com\/foconforama\/\" \/>\n<meta property=\"article:published_time\" content=\"2024-03-19T16:48:59+00:00\" \/>\n<meta property=\"article:modified_time\" content=\"2024-05-15T15:17:19+00:00\" \/>\n<meta name=\"author\" content=\"admin1663\" \/>\n<meta name=\"twitter:card\" content=\"summary_large_image\" \/>\n<meta name=\"twitter:label1\" content=\"\u00c9crit par\" \/>\n\t<meta name=\"twitter:data1\" content=\"admin1663\" \/>\n\t<meta name=\"twitter:label2\" content=\"Dur\u00e9e de lecture estim\u00e9e\" \/>\n\t<meta name=\"twitter:data2\" content=\"1 minute\" \/>\n<script type=\"application\/ld+json\" class=\"yoast-schema-graph\">{\"@context\":\"https:\/\/schema.org\",\"@graph\":[{\"@type\":\"Article\",\"@id\":\"https:\/\/fo-conforama.fr\/index.php\/calculez-le-montant-de-vos-indemnites-de-licenciement\/#article\",\"isPartOf\":{\"@id\":\"https:\/\/fo-conforama.fr\/index.php\/calculez-le-montant-de-vos-indemnites-de-licenciement\/\"},\"author\":{\"name\":\"admin1663\",\"@id\":\"https:\/\/fo-conforama.fr\/#\/schema\/person\/1dc3e46f49fef28d88636d76dbdece9f\"},\"headline\":\"Calculez le montant de vos indemnit\u00e9s de licenciement&#8230;\",\"datePublished\":\"2024-03-19T16:48:59+00:00\",\"dateModified\":\"2024-05-15T15:17:19+00:00\",\"mainEntityOfPage\":{\"@id\":\"https:\/\/fo-conforama.fr\/index.php\/calculez-le-montant-de-vos-indemnites-de-licenciement\/\"},\"wordCount\":106,\"publisher\":{\"@id\":\"https:\/\/fo-conforama.fr\/#organization\"},\"articleSection\":[\"Info Flash\"],\"inLanguage\":\"fr-FR\"},{\"@type\":\"WebPage\",\"@id\":\"https:\/\/fo-conforama.fr\/index.php\/calculez-le-montant-de-vos-indemnites-de-licenciement\/\",\"url\":\"https:\/\/fo-conforama.fr\/index.php\/calculez-le-montant-de-vos-indemnites-de-licenciement\/\",\"name\":\"Calculez le montant de vos indemnit\u00e9s de licenciement... | FO Conforama\",\"isPartOf\":{\"@id\":\"https:\/\/fo-conforama.fr\/#website\"},\"datePublished\":\"2024-03-19T16:48:59+00:00\",\"dateModified\":\"2024-05-15T15:17:19+00:00\",\"breadcrumb\":{\"@id\":\"https:\/\/fo-conforama.fr\/index.php\/calculez-le-montant-de-vos-indemnites-de-licenciement\/#breadcrumb\"},\"inLanguage\":\"fr-FR\",\"potentialAction\":[{\"@type\":\"ReadAction\",\"target\":[\"https:\/\/fo-conforama.fr\/index.php\/calculez-le-montant-de-vos-indemnites-de-licenciement\/\"]}]},{\"@type\":\"BreadcrumbList\",\"@id\":\"https:\/\/fo-conforama.fr\/index.php\/calculez-le-montant-de-vos-indemnites-de-licenciement\/#breadcrumb\",\"itemListElement\":[{\"@type\":\"ListItem\",\"position\":1,\"name\":\"Home\",\"item\":\"https:\/\/fo-conforama.fr\/\"},{\"@type\":\"ListItem\",\"position\":2,\"name\":\"Calculez le montant de vos indemnit\u00e9s de licenciement&#8230;\"}]},{\"@type\":\"WebSite\",\"@id\":\"https:\/\/fo-conforama.fr\/#website\",\"url\":\"https:\/\/fo-conforama.fr\/\",\"name\":\"FO Conforama\",\"description\":\"Bienvenue sur le site de Force Ouvri\u00e8re Conforama\",\"publisher\":{\"@id\":\"https:\/\/fo-conforama.fr\/#organization\"},\"potentialAction\":[{\"@type\":\"SearchAction\",\"target\":{\"@type\":\"EntryPoint\",\"urlTemplate\":\"https:\/\/fo-conforama.fr\/?s={search_term_string}\"},\"query-input\":\"required name=search_term_string\"}],\"inLanguage\":\"fr-FR\"},{\"@type\":\"Organization\",\"@id\":\"https:\/\/fo-conforama.fr\/#organization\",\"name\":\"SECTION FO CONFORAMA\",\"url\":\"https:\/\/fo-conforama.fr\/\",\"logo\":{\"@type\":\"ImageObject\",\"inLanguage\":\"fr-FR\",\"@id\":\"https:\/\/fo-conforama.fr\/#\/schema\/logo\/image\/\",\"url\":\"https:\/\/fo-conforama.fr\/wp-content\/uploads\/2019\/06\/logo-force-ouvriere-conforama-e1561365263970.jpg\",\"contentUrl\":\"https:\/\/fo-conforama.fr\/wp-content\/uploads\/2019\/06\/logo-force-ouvriere-conforama-e1561365263970.jpg\",\"width\":150,\"height\":116,\"caption\":\"SECTION FO CONFORAMA\"},\"image\":{\"@id\":\"https:\/\/fo-conforama.fr\/#\/schema\/logo\/image\/\"},\"sameAs\":[\"https:\/\/www.facebook.com\/foconforama\/\"]},{\"@type\":\"Person\",\"@id\":\"https:\/\/fo-conforama.fr\/#\/schema\/person\/1dc3e46f49fef28d88636d76dbdece9f\",\"name\":\"admin1663\",\"image\":{\"@type\":\"ImageObject\",\"inLanguage\":\"fr-FR\",\"@id\":\"https:\/\/fo-conforama.fr\/#\/schema\/person\/image\/\",\"url\":\"https:\/\/secure.gravatar.com\/avatar\/e1816f166871789260cc638069247b9c?s=96&d=mm&r=g\",\"contentUrl\":\"https:\/\/secure.gravatar.com\/avatar\/e1816f166871789260cc638069247b9c?s=96&d=mm&r=g\",\"caption\":\"admin1663\"}}]}<\/script>\n<!-- \/ Yoast SEO plugin. -->","yoast_head_json":{"title":"Calculez le montant de vos indemnit\u00e9s de licenciement... | FO Conforama","robots":{"index":"index","follow":"follow","max-snippet":"max-snippet:-1","max-image-preview":"max-image-preview:large","max-video-preview":"max-video-preview:-1"},"canonical":"https:\/\/fo-conforama.fr\/index.php\/calculez-le-montant-de-vos-indemnites-de-licenciement\/","og_locale":"fr_FR","og_type":"article","og_title":"Calculez le montant de vos indemnit\u00e9s de licenciement... | FO Conforama","og_description":"Salari\u00e9s de la logistique, utilisez la feuille de calcul ci-jointe pour estimer le montant de votre prime de licenciement&#8230; Il vous suffit de cliquer sur [...]","og_url":"https:\/\/fo-conforama.fr\/index.php\/calculez-le-montant-de-vos-indemnites-de-licenciement\/","og_site_name":"FO Conforama","article_publisher":"https:\/\/www.facebook.com\/foconforama\/","article_published_time":"2024-03-19T16:48:59+00:00","article_modified_time":"2024-05-15T15:17:19+00:00","author":"admin1663","twitter_card":"summary_large_image","twitter_misc":{"\u00c9crit par":"admin1663","Dur\u00e9e de lecture estim\u00e9e":"1 minute"},"schema":{"@context":"https:\/\/schema.org","@graph":[{"@type":"Article","@id":"https:\/\/fo-conforama.fr\/index.php\/calculez-le-montant-de-vos-indemnites-de-licenciement\/#article","isPartOf":{"@id":"https:\/\/fo-conforama.fr\/index.php\/calculez-le-montant-de-vos-indemnites-de-licenciement\/"},"author":{"name":"admin1663","@id":"https:\/\/fo-conforama.fr\/#\/schema\/person\/1dc3e46f49fef28d88636d76dbdece9f"},"headline":"Calculez le montant de vos indemnit\u00e9s de licenciement&#8230;","datePublished":"2024-03-19T16:48:59+00:00","dateModified":"2024-05-15T15:17:19+00:00","mainEntityOfPage":{"@id":"https:\/\/fo-conforama.fr\/index.php\/calculez-le-montant-de-vos-indemnites-de-licenciement\/"},"wordCount":106,"publisher":{"@id":"https:\/\/fo-conforama.fr\/#organization"},"articleSection":["Info Flash"],"inLanguage":"fr-FR"},{"@type":"WebPage","@id":"https:\/\/fo-conforama.fr\/index.php\/calculez-le-montant-de-vos-indemnites-de-licenciement\/","url":"https:\/\/fo-conforama.fr\/index.php\/calculez-le-montant-de-vos-indemnites-de-licenciement\/","name":"Calculez le montant de vos indemnit\u00e9s de licenciement... | FO Conforama","isPartOf":{"@id":"https:\/\/fo-conforama.fr\/#website"},"datePublished":"2024-03-19T16:48:59+00:00","dateModified":"2024-05-15T15:17:19+00:00","breadcrumb":{"@id":"https:\/\/fo-conforama.fr\/index.php\/calculez-le-montant-de-vos-indemnites-de-licenciement\/#breadcrumb"},"inLanguage":"fr-FR","potentialAction":[{"@type":"ReadAction","target":["https:\/\/fo-conforama.fr\/index.php\/calculez-le-montant-de-vos-indemnites-de-licenciement\/"]}]},{"@type":"BreadcrumbList","@id":"https:\/\/fo-conforama.fr\/index.php\/calculez-le-montant-de-vos-indemnites-de-licenciement\/#breadcrumb","itemListElement":[{"@type":"ListItem","position":1,"name":"Home","item":"https:\/\/fo-conforama.fr\/"},{"@type":"ListItem","position":2,"name":"Calculez le montant de vos indemnit\u00e9s de licenciement&#8230;"}]},{"@type":"WebSite","@id":"https:\/\/fo-conforama.fr\/#website","url":"https:\/\/fo-conforama.fr\/","name":"FO Conforama","description":"Bienvenue sur le site de Force Ouvri\u00e8re Conforama","publisher":{"@id":"https:\/\/fo-conforama.fr\/#organization"},"potentialAction":[{"@type":"SearchAction","target":{"@type":"EntryPoint","urlTemplate":"https:\/\/fo-conforama.fr\/?s={search_term_string}"},"query-input":"required name=search_term_string"}],"inLanguage":"fr-FR"},{"@type":"Organization","@id":"https:\/\/fo-conforama.fr\/#organization","name":"SECTION FO CONFORAMA","url":"https:\/\/fo-conforama.fr\/","logo":{"@type":"ImageObject","inLanguage":"fr-FR","@id":"https:\/\/fo-conforama.fr\/#\/schema\/logo\/image\/","url":"https:\/\/fo-conforama.fr\/wp-content\/uploads\/2019\/06\/logo-force-ouvriere-conforama-e1561365263970.jpg","contentUrl":"https:\/\/fo-conforama.fr\/wp-content\/uploads\/2019\/06\/logo-force-ouvriere-conforama-e1561365263970.jpg","width":150,"height":116,"caption":"SECTION FO CONFORAMA"},"image":{"@id":"https:\/\/fo-conforama.fr\/#\/schema\/logo\/image\/"},"sameAs":["https:\/\/www.facebook.com\/foconforama\/"]},{"@type":"Person","@id":"https:\/\/fo-conforama.fr\/#\/schema\/person\/1dc3e46f49fef28d88636d76dbdece9f","name":"admin1663","image":{"@type":"ImageObject","inLanguage":"fr-FR","@id":"https:\/\/fo-conforama.fr\/#\/schema\/person\/image\/","url":"https:\/\/secure.gravatar.com\/avatar\/e1816f166871789260cc638069247b9c?s=96&d=mm&r=g","contentUrl":"https:\/\/secure.gravatar.com\/avatar\/e1816f166871789260cc638069247b9c?s=96&d=mm&r=g","caption":"admin1663"}}]}},"_links":{"self":[{"href":"https:\/\/fo-conforama.fr\/index.php\/wp-json\/wp\/v2\/posts\/3177"}],"collection":[{"href":"https:\/\/fo-conforama.fr\/index.php\/wp-json\/wp\/v2\/posts"}],"about":[{"href":"https:\/\/fo-conforama.fr\/index.php\/wp-json\/wp\/v2\/types\/post"}],"author":[{"embeddable":true,"href":"https:\/\/fo-conforama.fr\/index.php\/wp-json\/wp\/v2\/users\/1"}],"replies":[{"embeddable":true,"href":"https:\/\/fo-conforama.fr\/index.php\/wp-json\/wp\/v2\/comments?post=3177"}],"version-history":[{"count":9,"href":"https:\/\/fo-conforama.fr\/index.php\/wp-json\/wp\/v2\/posts\/3177\/revisions"}],"predecessor-version":[{"id":3352,"href":"https:\/\/fo-conforama.fr\/index.php\/wp-json\/wp\/v2\/posts\/3177\/revisions\/3352"}],"wp:attachment":[{"href":"https:\/\/fo-conforama.fr\/index.php\/wp-json\/wp\/v2\/media?parent=3177"}],"wp:term":[{"taxonomy":"category","embeddable":true,"href":"https:\/\/fo-conforama.fr\/index.php\/wp-json\/wp\/v2\/categories?post=3177"},{"taxonomy":"post_tag","embeddable":true,"href":"https:\/\/fo-conforama.fr\/index.php\/wp-json\/wp\/v2\/tags?post=3177"}],"curies":[{"name":"wp","href":"https:\/\/api.w.org\/{rel}","templated":true}]}}