{"id":3835,"date":"2024-10-14T14:37:16","date_gmt":"2024-10-14T12:37:16","guid":{"rendered":"https:\/\/fo-conforama.fr\/?p=3835"},"modified":"2024-10-17T15:17:51","modified_gmt":"2024-10-17T13:17:51","slug":"cliquez-sur-la-carte-de-france-de-vos-candidats-force-ouvriere","status":"publish","type":"post","link":"https:\/\/fo-conforama.fr\/index.php\/cliquez-sur-la-carte-de-france-de-vos-candidats-force-ouvriere\/","title":{"rendered":"Cliquez sur la carte de France de vos candidats FORCE OUVRIERE !!!"},"content":{"rendered":"\t\t<div data-elementor-type=\"wp-post\" data-elementor-id=\"3835\" class=\"elementor elementor-3835\">\n\t\t\t\t\t\t<section class=\"elementor-section elementor-top-section elementor-element elementor-element-74405743 elementor-section-boxed elementor-section-height-default elementor-section-height-default\" data-id=\"74405743\" data-element_type=\"section\">\n\t\t\t\t\t\t<div class=\"elementor-container elementor-column-gap-default\">\n\t\t\t\t\t<div class=\"elementor-column elementor-col-100 elementor-top-column elementor-element elementor-element-6a983a14\" data-id=\"6a983a14\" data-element_type=\"column\">\n\t\t\t<div class=\"elementor-widget-wrap elementor-element-populated\">\n\t\t\t\t\t\t<div class=\"elementor-element elementor-element-22a5d9cf elementor-widget elementor-widget-text-editor\" data-id=\"22a5d9cf\" data-element_type=\"widget\" data-widget_type=\"text-editor.default\">\n\t\t\t\t<div class=\"elementor-widget-container\">\n\t\t\t\t\t\t\t<p><a href=\"http:\/\/fo-conforama.fr\/wp-content\/uploads\/Carte-avec-liens-vers-listes-FO.pdf\"><img fetchpriority=\"high\" decoding=\"async\" class=\"alignnone wp-image-3834 size-full\" src=\"https:\/\/fo-conforama.fr\/wp-content\/uploads\/Carte-avec-liens-vers-listes-FO-001.png\" alt=\"\" width=\"1191\" height=\"1684\" srcset=\"https:\/\/fo-conforama.fr\/wp-content\/uploads\/Carte-avec-liens-vers-listes-FO-001.png 1191w, https:\/\/fo-conforama.fr\/wp-content\/uploads\/Carte-avec-liens-vers-listes-FO-001-212x300.png 212w, https:\/\/fo-conforama.fr\/wp-content\/uploads\/Carte-avec-liens-vers-listes-FO-001-724x1024.png 724w, https:\/\/fo-conforama.fr\/wp-content\/uploads\/Carte-avec-liens-vers-listes-FO-001-768x1086.png 768w, https:\/\/fo-conforama.fr\/wp-content\/uploads\/Carte-avec-liens-vers-listes-FO-001-1086x1536.png 1086w\" sizes=\"(max-width: 1191px) 100vw, 1191px\" \/><\/a><\/p>\t\t\t\t\t\t<\/div>\n\t\t\t\t<\/div>\n\t\t\t\t\t<\/div>\n\t\t<\/div>\n\t\t\t\t\t<\/div>\n\t\t<\/section>\n\t\t\t\t<\/div>\n\t\t","protected":false},"excerpt":{"rendered":"<div class=\"mh-excerpt\"><\/div>","protected":false},"author":1,"featured_media":2000,"comment_status":"closed","ping_status":"open","sticky":false,"template":"","format":"standard","meta":{"footnotes":""},"categories":[4],"tags":[],"yoast_head":"<!-- This site is optimized with the Yoast SEO plugin v22.2 - https:\/\/yoast.com\/wordpress\/plugins\/seo\/ -->\n<title>Cliquez sur la carte de France de vos candidats FORCE OUVRIERE !!! | FO Conforama<\/title>\n<meta name=\"robots\" content=\"index, follow, max-snippet:-1, max-image-preview:large, max-video-preview:-1\" \/>\n<link rel=\"canonical\" href=\"https:\/\/fo-conforama.fr\/index.php\/cliquez-sur-la-carte-de-france-de-vos-candidats-force-ouvriere\/\" \/>\n<meta property=\"og:locale\" content=\"fr_FR\" \/>\n<meta property=\"og:type\" content=\"article\" \/>\n<meta property=\"og:title\" content=\"Cliquez sur la carte de France de vos candidats FORCE OUVRIERE !!! | FO Conforama\" \/>\n<meta property=\"og:url\" content=\"https:\/\/fo-conforama.fr\/index.php\/cliquez-sur-la-carte-de-france-de-vos-candidats-force-ouvriere\/\" \/>\n<meta property=\"og:site_name\" content=\"FO Conforama\" \/>\n<meta property=\"article:publisher\" content=\"https:\/\/www.facebook.com\/foconforama\/\" \/>\n<meta property=\"article:published_time\" content=\"2024-10-14T12:37:16+00:00\" \/>\n<meta property=\"article:modified_time\" content=\"2024-10-17T13:17:51+00:00\" \/>\n<meta property=\"og:image\" content=\"https:\/\/fo-conforama.fr\/wp-content\/uploads\/2022\/10\/micro_FO.jpg\" \/>\n\t<meta property=\"og:image:width\" content=\"640\" \/>\n\t<meta property=\"og:image:height\" content=\"360\" \/>\n\t<meta property=\"og:image:type\" content=\"image\/jpeg\" \/>\n<meta name=\"author\" content=\"admin1663\" \/>\n<meta name=\"twitter:card\" content=\"summary_large_image\" \/>\n<meta name=\"twitter:label1\" content=\"\u00c9crit par\" \/>\n\t<meta name=\"twitter:data1\" content=\"admin1663\" \/>\n\t<meta name=\"twitter:label2\" content=\"Dur\u00e9e de lecture estim\u00e9e\" \/>\n\t<meta name=\"twitter:data2\" content=\"1 minute\" \/>\n<script type=\"application\/ld+json\" class=\"yoast-schema-graph\">{\"@context\":\"https:\/\/schema.org\",\"@graph\":[{\"@type\":\"Article\",\"@id\":\"https:\/\/fo-conforama.fr\/index.php\/cliquez-sur-la-carte-de-france-de-vos-candidats-force-ouvriere\/#article\",\"isPartOf\":{\"@id\":\"https:\/\/fo-conforama.fr\/index.php\/cliquez-sur-la-carte-de-france-de-vos-candidats-force-ouvriere\/\"},\"author\":{\"name\":\"admin1663\",\"@id\":\"https:\/\/fo-conforama.fr\/#\/schema\/person\/1dc3e46f49fef28d88636d76dbdece9f\"},\"headline\":\"Cliquez sur la carte de France de vos candidats FORCE OUVRIERE !!!\",\"datePublished\":\"2024-10-14T12:37:16+00:00\",\"dateModified\":\"2024-10-17T13:17:51+00:00\",\"mainEntityOfPage\":{\"@id\":\"https:\/\/fo-conforama.fr\/index.php\/cliquez-sur-la-carte-de-france-de-vos-candidats-force-ouvriere\/\"},\"wordCount\":11,\"publisher\":{\"@id\":\"https:\/\/fo-conforama.fr\/#organization\"},\"image\":{\"@id\":\"https:\/\/fo-conforama.fr\/index.php\/cliquez-sur-la-carte-de-france-de-vos-candidats-force-ouvriere\/#primaryimage\"},\"thumbnailUrl\":\"https:\/\/fo-conforama.fr\/wp-content\/uploads\/2022\/10\/micro_FO.jpg\",\"articleSection\":[\"Info Flash\"],\"inLanguage\":\"fr-FR\"},{\"@type\":\"WebPage\",\"@id\":\"https:\/\/fo-conforama.fr\/index.php\/cliquez-sur-la-carte-de-france-de-vos-candidats-force-ouvriere\/\",\"url\":\"https:\/\/fo-conforama.fr\/index.php\/cliquez-sur-la-carte-de-france-de-vos-candidats-force-ouvriere\/\",\"name\":\"Cliquez sur la carte de France de vos candidats FORCE OUVRIERE !!! | FO Conforama\",\"isPartOf\":{\"@id\":\"https:\/\/fo-conforama.fr\/#website\"},\"primaryImageOfPage\":{\"@id\":\"https:\/\/fo-conforama.fr\/index.php\/cliquez-sur-la-carte-de-france-de-vos-candidats-force-ouvriere\/#primaryimage\"},\"image\":{\"@id\":\"https:\/\/fo-conforama.fr\/index.php\/cliquez-sur-la-carte-de-france-de-vos-candidats-force-ouvriere\/#primaryimage\"},\"thumbnailUrl\":\"https:\/\/fo-conforama.fr\/wp-content\/uploads\/2022\/10\/micro_FO.jpg\",\"datePublished\":\"2024-10-14T12:37:16+00:00\",\"dateModified\":\"2024-10-17T13:17:51+00:00\",\"breadcrumb\":{\"@id\":\"https:\/\/fo-conforama.fr\/index.php\/cliquez-sur-la-carte-de-france-de-vos-candidats-force-ouvriere\/#breadcrumb\"},\"inLanguage\":\"fr-FR\",\"potentialAction\":[{\"@type\":\"ReadAction\",\"target\":[\"https:\/\/fo-conforama.fr\/index.php\/cliquez-sur-la-carte-de-france-de-vos-candidats-force-ouvriere\/\"]}]},{\"@type\":\"ImageObject\",\"inLanguage\":\"fr-FR\",\"@id\":\"https:\/\/fo-conforama.fr\/index.php\/cliquez-sur-la-carte-de-france-de-vos-candidats-force-ouvriere\/#primaryimage\",\"url\":\"https:\/\/fo-conforama.fr\/wp-content\/uploads\/2022\/10\/micro_FO.jpg\",\"contentUrl\":\"https:\/\/fo-conforama.fr\/wp-content\/uploads\/2022\/10\/micro_FO.jpg\",\"width\":640,\"height\":360},{\"@type\":\"BreadcrumbList\",\"@id\":\"https:\/\/fo-conforama.fr\/index.php\/cliquez-sur-la-carte-de-france-de-vos-candidats-force-ouvriere\/#breadcrumb\",\"itemListElement\":[{\"@type\":\"ListItem\",\"position\":1,\"name\":\"Home\",\"item\":\"https:\/\/fo-conforama.fr\/\"},{\"@type\":\"ListItem\",\"position\":2,\"name\":\"Cliquez sur la carte de France de vos candidats FORCE OUVRIERE !!!\"}]},{\"@type\":\"WebSite\",\"@id\":\"https:\/\/fo-conforama.fr\/#website\",\"url\":\"https:\/\/fo-conforama.fr\/\",\"name\":\"FO Conforama\",\"description\":\"Bienvenue sur le site de Force Ouvri\u00e8re Conforama\",\"publisher\":{\"@id\":\"https:\/\/fo-conforama.fr\/#organization\"},\"potentialAction\":[{\"@type\":\"SearchAction\",\"target\":{\"@type\":\"EntryPoint\",\"urlTemplate\":\"https:\/\/fo-conforama.fr\/?s={search_term_string}\"},\"query-input\":\"required name=search_term_string\"}],\"inLanguage\":\"fr-FR\"},{\"@type\":\"Organization\",\"@id\":\"https:\/\/fo-conforama.fr\/#organization\",\"name\":\"SECTION FO CONFORAMA\",\"url\":\"https:\/\/fo-conforama.fr\/\",\"logo\":{\"@type\":\"ImageObject\",\"inLanguage\":\"fr-FR\",\"@id\":\"https:\/\/fo-conforama.fr\/#\/schema\/logo\/image\/\",\"url\":\"https:\/\/fo-conforama.fr\/wp-content\/uploads\/2019\/06\/logo-force-ouvriere-conforama-e1561365263970.jpg\",\"contentUrl\":\"https:\/\/fo-conforama.fr\/wp-content\/uploads\/2019\/06\/logo-force-ouvriere-conforama-e1561365263970.jpg\",\"width\":150,\"height\":116,\"caption\":\"SECTION FO CONFORAMA\"},\"image\":{\"@id\":\"https:\/\/fo-conforama.fr\/#\/schema\/logo\/image\/\"},\"sameAs\":[\"https:\/\/www.facebook.com\/foconforama\/\"]},{\"@type\":\"Person\",\"@id\":\"https:\/\/fo-conforama.fr\/#\/schema\/person\/1dc3e46f49fef28d88636d76dbdece9f\",\"name\":\"admin1663\",\"image\":{\"@type\":\"ImageObject\",\"inLanguage\":\"fr-FR\",\"@id\":\"https:\/\/fo-conforama.fr\/#\/schema\/person\/image\/\",\"url\":\"https:\/\/secure.gravatar.com\/avatar\/e1816f166871789260cc638069247b9c?s=96&d=mm&r=g\",\"contentUrl\":\"https:\/\/secure.gravatar.com\/avatar\/e1816f166871789260cc638069247b9c?s=96&d=mm&r=g\",\"caption\":\"admin1663\"}}]}<\/script>\n<!-- \/ Yoast SEO plugin. -->","yoast_head_json":{"title":"Cliquez sur la carte de France de vos candidats FORCE OUVRIERE !!! | FO Conforama","robots":{"index":"index","follow":"follow","max-snippet":"max-snippet:-1","max-image-preview":"max-image-preview:large","max-video-preview":"max-video-preview:-1"},"canonical":"https:\/\/fo-conforama.fr\/index.php\/cliquez-sur-la-carte-de-france-de-vos-candidats-force-ouvriere\/","og_locale":"fr_FR","og_type":"article","og_title":"Cliquez sur la carte de France de vos candidats FORCE OUVRIERE !!! | FO Conforama","og_url":"https:\/\/fo-conforama.fr\/index.php\/cliquez-sur-la-carte-de-france-de-vos-candidats-force-ouvriere\/","og_site_name":"FO Conforama","article_publisher":"https:\/\/www.facebook.com\/foconforama\/","article_published_time":"2024-10-14T12:37:16+00:00","article_modified_time":"2024-10-17T13:17:51+00:00","og_image":[{"width":640,"height":360,"url":"https:\/\/fo-conforama.fr\/wp-content\/uploads\/2022\/10\/micro_FO.jpg","type":"image\/jpeg"}],"author":"admin1663","twitter_card":"summary_large_image","twitter_misc":{"\u00c9crit par":"admin1663","Dur\u00e9e de lecture estim\u00e9e":"1 minute"},"schema":{"@context":"https:\/\/schema.org","@graph":[{"@type":"Article","@id":"https:\/\/fo-conforama.fr\/index.php\/cliquez-sur-la-carte-de-france-de-vos-candidats-force-ouvriere\/#article","isPartOf":{"@id":"https:\/\/fo-conforama.fr\/index.php\/cliquez-sur-la-carte-de-france-de-vos-candidats-force-ouvriere\/"},"author":{"name":"admin1663","@id":"https:\/\/fo-conforama.fr\/#\/schema\/person\/1dc3e46f49fef28d88636d76dbdece9f"},"headline":"Cliquez sur la carte de France de vos candidats FORCE OUVRIERE !!!","datePublished":"2024-10-14T12:37:16+00:00","dateModified":"2024-10-17T13:17:51+00:00","mainEntityOfPage":{"@id":"https:\/\/fo-conforama.fr\/index.php\/cliquez-sur-la-carte-de-france-de-vos-candidats-force-ouvriere\/"},"wordCount":11,"publisher":{"@id":"https:\/\/fo-conforama.fr\/#organization"},"image":{"@id":"https:\/\/fo-conforama.fr\/index.php\/cliquez-sur-la-carte-de-france-de-vos-candidats-force-ouvriere\/#primaryimage"},"thumbnailUrl":"https:\/\/fo-conforama.fr\/wp-content\/uploads\/2022\/10\/micro_FO.jpg","articleSection":["Info Flash"],"inLanguage":"fr-FR"},{"@type":"WebPage","@id":"https:\/\/fo-conforama.fr\/index.php\/cliquez-sur-la-carte-de-france-de-vos-candidats-force-ouvriere\/","url":"https:\/\/fo-conforama.fr\/index.php\/cliquez-sur-la-carte-de-france-de-vos-candidats-force-ouvriere\/","name":"Cliquez sur la carte de France de vos candidats FORCE OUVRIERE !!! | FO Conforama","isPartOf":{"@id":"https:\/\/fo-conforama.fr\/#website"},"primaryImageOfPage":{"@id":"https:\/\/fo-conforama.fr\/index.php\/cliquez-sur-la-carte-de-france-de-vos-candidats-force-ouvriere\/#primaryimage"},"image":{"@id":"https:\/\/fo-conforama.fr\/index.php\/cliquez-sur-la-carte-de-france-de-vos-candidats-force-ouvriere\/#primaryimage"},"thumbnailUrl":"https:\/\/fo-conforama.fr\/wp-content\/uploads\/2022\/10\/micro_FO.jpg","datePublished":"2024-10-14T12:37:16+00:00","dateModified":"2024-10-17T13:17:51+00:00","breadcrumb":{"@id":"https:\/\/fo-conforama.fr\/index.php\/cliquez-sur-la-carte-de-france-de-vos-candidats-force-ouvriere\/#breadcrumb"},"inLanguage":"fr-FR","potentialAction":[{"@type":"ReadAction","target":["https:\/\/fo-conforama.fr\/index.php\/cliquez-sur-la-carte-de-france-de-vos-candidats-force-ouvriere\/"]}]},{"@type":"ImageObject","inLanguage":"fr-FR","@id":"https:\/\/fo-conforama.fr\/index.php\/cliquez-sur-la-carte-de-france-de-vos-candidats-force-ouvriere\/#primaryimage","url":"https:\/\/fo-conforama.fr\/wp-content\/uploads\/2022\/10\/micro_FO.jpg","contentUrl":"https:\/\/fo-conforama.fr\/wp-content\/uploads\/2022\/10\/micro_FO.jpg","width":640,"height":360},{"@type":"BreadcrumbList","@id":"https:\/\/fo-conforama.fr\/index.php\/cliquez-sur-la-carte-de-france-de-vos-candidats-force-ouvriere\/#breadcrumb","itemListElement":[{"@type":"ListItem","position":1,"name":"Home","item":"https:\/\/fo-conforama.fr\/"},{"@type":"ListItem","position":2,"name":"Cliquez sur la carte de France de vos candidats FORCE OUVRIERE !!!"}]},{"@type":"WebSite","@id":"https:\/\/fo-conforama.fr\/#website","url":"https:\/\/fo-conforama.fr\/","name":"FO Conforama","description":"Bienvenue sur le site de Force Ouvri\u00e8re Conforama","publisher":{"@id":"https:\/\/fo-conforama.fr\/#organization"},"potentialAction":[{"@type":"SearchAction","target":{"@type":"EntryPoint","urlTemplate":"https:\/\/fo-conforama.fr\/?s={search_term_string}"},"query-input":"required name=search_term_string"}],"inLanguage":"fr-FR"},{"@type":"Organization","@id":"https:\/\/fo-conforama.fr\/#organization","name":"SECTION FO CONFORAMA","url":"https:\/\/fo-conforama.fr\/","logo":{"@type":"ImageObject","inLanguage":"fr-FR","@id":"https:\/\/fo-conforama.fr\/#\/schema\/logo\/image\/","url":"https:\/\/fo-conforama.fr\/wp-content\/uploads\/2019\/06\/logo-force-ouvriere-conforama-e1561365263970.jpg","contentUrl":"https:\/\/fo-conforama.fr\/wp-content\/uploads\/2019\/06\/logo-force-ouvriere-conforama-e1561365263970.jpg","width":150,"height":116,"caption":"SECTION FO CONFORAMA"},"image":{"@id":"https:\/\/fo-conforama.fr\/#\/schema\/logo\/image\/"},"sameAs":["https:\/\/www.facebook.com\/foconforama\/"]},{"@type":"Person","@id":"https:\/\/fo-conforama.fr\/#\/schema\/person\/1dc3e46f49fef28d88636d76dbdece9f","name":"admin1663","image":{"@type":"ImageObject","inLanguage":"fr-FR","@id":"https:\/\/fo-conforama.fr\/#\/schema\/person\/image\/","url":"https:\/\/secure.gravatar.com\/avatar\/e1816f166871789260cc638069247b9c?s=96&d=mm&r=g","contentUrl":"https:\/\/secure.gravatar.com\/avatar\/e1816f166871789260cc638069247b9c?s=96&d=mm&r=g","caption":"admin1663"}}]}},"_links":{"self":[{"href":"https:\/\/fo-conforama.fr\/index.php\/wp-json\/wp\/v2\/posts\/3835"}],"collection":[{"href":"https:\/\/fo-conforama.fr\/index.php\/wp-json\/wp\/v2\/posts"}],"about":[{"href":"https:\/\/fo-conforama.fr\/index.php\/wp-json\/wp\/v2\/types\/post"}],"author":[{"embeddable":true,"href":"https:\/\/fo-conforama.fr\/index.php\/wp-json\/wp\/v2\/users\/1"}],"replies":[{"embeddable":true,"href":"https:\/\/fo-conforama.fr\/index.php\/wp-json\/wp\/v2\/comments?post=3835"}],"version-history":[{"count":8,"href":"https:\/\/fo-conforama.fr\/index.php\/wp-json\/wp\/v2\/posts\/3835\/revisions"}],"predecessor-version":[{"id":3916,"href":"https:\/\/fo-conforama.fr\/index.php\/wp-json\/wp\/v2\/posts\/3835\/revisions\/3916"}],"wp:featuredmedia":[{"embeddable":true,"href":"https:\/\/fo-conforama.fr\/index.php\/wp-json\/wp\/v2\/media\/2000"}],"wp:attachment":[{"href":"https:\/\/fo-conforama.fr\/index.php\/wp-json\/wp\/v2\/media?parent=3835"}],"wp:term":[{"taxonomy":"category","embeddable":true,"href":"https:\/\/fo-conforama.fr\/index.php\/wp-json\/wp\/v2\/categories?post=3835"},{"taxonomy":"post_tag","embeddable":true,"href":"https:\/\/fo-conforama.fr\/index.php\/wp-json\/wp\/v2\/tags?post=3835"}],"curies":[{"name":"wp","href":"https:\/\/api.w.org\/{rel}","templated":true}]}}